{"id":17,"date":"2009-11-13T13:49:37","date_gmt":"2009-11-13T11:49:37","guid":{"rendered":"\/deutsch\/?p=17"},"modified":"2020-12-21T19:31:52","modified_gmt":"2020-12-21T17:31:52","slug":"projekt-spuren-unserer-vergangenheit","status":"publish","type":"post","link":"http:\/\/www.bellumaquilarum.it\/deutsch\/?p=17","title":{"rendered":"Projekt &#8222;Spuren unserer Geschichte&#8220;"},"content":{"rendered":"<p>W\u00e4hrend des 1. Weltkrieges waren die Gipfel der Dolomiten Schauplatz eines in der Welt einzigartigen Kampfes. Die \u00f6sterreichisch-ungarischen und die italienischen Soldaten lebten und k\u00e4mpften auf unber\u00fchrten Berggipfeln. Sie wurden vom Klima und der extremen H\u00f6henlage herausgefordert und erbrachten dabei erstaunliche technische und organisatorische Leistungen, die den ersten modernen Krieg erm\u00f6glichten.<\/p>\n<p style=\"text-align: center;\"><img loading=\"lazy\" class=\" aligncenter\" style=\"margin-left: 0px; margin-right: 0px; border: 0px;\" src=\"\/deutsch\/bilder\/Mitterberg1.jpg\" alt=\"\" width=\"159\" height=\"150\" border=\"0\" hspace=\"0\"><\/p>\n<p><!--more--><\/p>\n<table border=\"0\" cellspacing=\"0\" cellpadding=\"0\" align=\"right\">\n<tbody>\n<tr>\n<td width=\"15\">&nbsp;<\/td>\n<td>&nbsp;<\/td>\n<\/tr>\n<\/tbody>\n<\/table>\n<p>Dieser Krieg war die Ursache f\u00fcr die gro\u00dfen Zerr\u00fcttungen des Lebens der Bev\u00f6lkerung. Die Schwierigkeiten und Leiden zeigten sich haupts\u00e4chlich im Hochpustertal, wo die Bev\u00f6lkerung von Sexten evakuiert und die D\u00f6rfer Sexten und Toblach durch das Italienische Heer bombardiert wurden.<br \/>\nDie Kampflinie verlief auf den Gipfeln, die das Pustertal abgrenzen. Auf diesen Bergen wurden die Heere mit einer in der Geschichte unvergleichlichen Herausforderung technologischer und organisatorischer Art konfrontiert.<br \/>\nDie Rotwand, mit den von den Soldaten hinterlassenen Zeugnissen, ist ein historisch wertvolles Gut der Kriegsgeschehnisse im Hochgebirge. Es ist auch die Geschichte der Gebirgstruppen, der Kaiserj\u00e4ger, der Alpini, des Alpenkorps, die sich dort bek\u00e4mpften. Dieser Krieg bezeichnet das Ende einer \u00c4ra und die Geburt des heutigen Europa.<br \/>\nAlles hier Geschehene hat einen Wert, der \u00fcber die Erinnerungen der Einwohner von Sexten hinausgeht und ist somit beispielhaft f\u00fcr alle bewaffneten Konflikte. Sexten kann die Erinnerungen retten und dieses Wissen heute, w\u00e4hrend die ehemaligen Feinde gemeinsam das neue Europa aufbauen, allen zug\u00e4nglich machen.<\/p>\n<p>Das Projekt Bellum Aquilarum \u2013 Spuren unserer Geschichte \u2013 will die historischen Spuren des 1. Weltkrieges vor dem Verfall retten, indem folgende Initiativen verwirklicht werden:<img loading=\"lazy\" class=\"alignright\" style=\"border: 0pt none; margin-left: 0px; margin-right: 0px;\" src=\"\/deutsch\/bilder\/Vinatzer%20Turm.jpg\" alt=\"\" width=\"195\" height=\"150\" border=\"0\" hspace=\"0\"><\/p>\n<ul>\n<li>Aufwertung und Erhaltung der hinterlassenen Spuren des 1. Weltkrieges im Dorf Sexten und auf der Rotwand, indem in Zusammenarbeit mit dem Naturpark ein Freilichtmuseum verwirklicht wird<\/li>\n<li>Errichtung eines Historischen Archivs<\/li>\n<li>Aufruf zur Sammlung von historischen Dokumenten aus dieser Zeit, deren Digitalisierung und Archivierung<\/li>\n<li>Anregung zur geschichtlichen Nachforschung und Zusammenarbeit mit Geschichtsinstituten und Archiven aller ehemaligen Staaten, die diese gemeinsame Vergangenheit teilen<\/li>\n<\/ul>\n","protected":false},"excerpt":{"rendered":"<p>W\u00e4hrend des 1. Weltkrieges waren die Gipfel der Dolomiten Schauplatz eines in der Welt einzigartigen Kampfes. Die \u00f6sterreichisch-ungarischen und die italienischen Soldaten lebten und k\u00e4mpften auf unber\u00fchrten Berggipfeln. Sie wurden vom Klima und der extremen H\u00f6henlage herausgefordert und erbrachten dabei erstaunliche technische und organisatorische Leistungen, die den ersten modernen Krieg erm\u00f6glichten.<\/p>\n","protected":false},"author":1,"featured_media":0,"comment_status":"open","ping_status":"open","sticky":false,"template":"","format":"standard","meta":[],"categories":[1],"tags":[],"_links":{"self":[{"href":"http:\/\/www.bellumaquilarum.it\/deutsch\/index.php?rest_route=\/wp\/v2\/posts\/17"}],"collection":[{"href":"http:\/\/www.bellumaquilarum.it\/deutsch\/index.php?rest_route=\/wp\/v2\/posts"}],"about":[{"href":"http:\/\/www.bellumaquilarum.it\/deutsch\/index.php?rest_route=\/wp\/v2\/types\/post"}],"author":[{"embeddable":true,"href":"http:\/\/www.bellumaquilarum.it\/deutsch\/index.php?rest_route=\/wp\/v2\/users\/1"}],"replies":[{"embeddable":true,"href":"http:\/\/www.bellumaquilarum.it\/deutsch\/index.php?rest_route=%2Fwp%2Fv2%2Fcomments&post=17"}],"version-history":[{"count":20,"href":"http:\/\/www.bellumaquilarum.it\/deutsch\/index.php?rest_route=\/wp\/v2\/posts\/17\/revisions"}],"predecessor-version":[{"id":543,"href":"http:\/\/www.bellumaquilarum.it\/deutsch\/index.php?rest_route=\/wp\/v2\/posts\/17\/revisions\/543"}],"wp:attachment":[{"href":"http:\/\/www.bellumaquilarum.it\/deutsch\/index.php?rest_route=%2Fwp%2Fv2%2Fmedia&parent=17"}],"wp:term":[{"taxonomy":"category","embeddable":true,"href":"http:\/\/www.bellumaquilarum.it\/deutsch\/index.php?rest_route=%2Fwp%2Fv2%2Fcategories&post=17"},{"taxonomy":"post_tag","embeddable":true,"href":"http:\/\/www.bellumaquilarum.it\/deutsch\/index.php?rest_route=%2Fwp%2Fv2%2Ftags&post=17"}],"curies":[{"name":"wp","href":"https:\/\/api.w.org\/{rel}","templated":true}]}}